{"id":231,"date":"2025-05-20T18:00:00","date_gmt":"2025-05-20T16:00:00","guid":{"rendered":"https:\/\/novy.cck-jablonec.cz\/?p=231"},"modified":"2025-05-26T10:06:06","modified_gmt":"2025-05-26T08:06:06","slug":"zlaty-kriz-za-darovani-krve-oceneni-bezprispevkovych-darcu-krve-v-hasicske-zbrojnici","status":"publish","type":"post","link":"https:\/\/novy.cck-jablonec.cz\/?p=231","title":{"rendered":"Zlat\u00fd k\u0159\u00ed\u017e za darov\u00e1n\u00ed krve: Ocen\u011bn\u00ed bezp\u0159\u00edsp\u011bvkov\u00fdch d\u00e1rc\u016f krve v Hasi\u010dsk\u00e9 zbrojnici"},"content":{"rendered":"\n<p class=\"has-small-medium-font-size\">Dne\u0161n\u00ed den pat\u0159il hrdin\u016fm v\u0161edn\u00edch dn\u016f. V prostor\u00e1ch Hasi\u010dsk\u00e9 zbrojnice HZS \u00daO Jablonec nad Nisou prob\u011bhlo slavnostn\u00ed p\u0159ed\u00e1v\u00e1n\u00ed ocen\u011bn\u00ed Zlat\u00fd k\u0159\u00ed\u017e 3. t\u0159\u00eddy, kter\u00e9 je ud\u011blov\u00e1no za 80 bezp\u0159\u00edsp\u011bvkov\u00fdch odb\u011br\u016f krve.<\/p>\n\n\n\n<p class=\"has-small-medium-font-size\">Toto v\u00fdznamn\u00e9 ocen\u011bn\u00ed je vyj\u00e1d\u0159en\u00edm \u00facty a vd\u011b\u010dnosti d\u00e1rc\u016fm, kte\u0159\u00ed opakovan\u011b darovali to nejcenn\u011bj\u0161\u00ed \u2013 vlastn\u00ed krev \u2013 bez n\u00e1roku na odm\u011bnu. Pr\u00e1v\u011b d\u00edky nim je mo\u017en\u00e9 zachra\u0148ovat lidsk\u00e9 \u017eivoty.<\/p>\n\n\n\n<p class=\"has-small-medium-font-size\">Sou\u010d\u00e1st\u00ed programu byla i komentovan\u00e1 prohl\u00eddka hasi\u010dsk\u00e9 zbrojnice, kterou \u00fa\u010dastn\u00edk\u016fm p\u0159ibl\u00ed\u017eil nprap. Zden\u011bk Vr\u00e1na z HZS \u00daO Jablonec nad Nisou. N\u00e1v\u0161t\u011bvn\u00edci tak mohli nahl\u00e9dnout do z\u00e1zem\u00ed hasi\u010d\u016f, jejich techniky a ka\u017edodenn\u00ed \u010dinnosti. <\/p>\n\n\n\n<p class=\"has-small-medium-font-size\">Po prohl\u00eddce n\u00e1sledovalo kulturn\u00ed vystoupen\u00ed, kter\u00e9 obstaral folklorn\u00ed soubor \u0160afr\u00e1n a d\u011btsk\u00fd soubor \u0160afr\u00e1nek z Jablonce nad Nisou. Jejich hudba, zp\u011bv a tradi\u010dn\u00ed tance dodaly slavnosti srde\u010dn\u00fd a komunitn\u00ed rozm\u011br.<\/p>\n\n\n\n<p class=\"has-small-medium-font-size\"><strong>Ocen\u011bn\u00ed Zlat\u00fd k\u0159\u00ed\u017e p\u0159edaly:<\/strong><br>\u25cf Lenka Klimentov\u00e1 \u2013 \u010cesk\u00fd \u010derven\u00fd k\u0159\u00ed\u017e<br>\u25cf Jana Hamplov\u00e1 \u2013 n\u00e1m\u011bstkyn\u011b prim\u00e1tora pro oblast humanitn\u00ed<br>\u25cf Ji\u0159ina Brychc\u00ed \u2013 starostka okresn\u00edho sdru\u017een\u00ed hasi\u010d\u016f Jablonec nad Nisou.<\/p>\n\n\n\n<p><\/p>\n\n\n\n<p class=\"has-small-medium-font-size\"><strong>V\u0161em ocen\u011bn\u00fdm d\u00e1rc\u016fm pat\u0159\u00ed velk\u00e9 pod\u011bkov\u00e1n\u00ed a hlubok\u00fd respekt za jejich vytrvalou a nezi\u0161tnou pomoc.<\/strong><br><\/p>\n\n\n\n<p class=\"has-small-medium-font-size\">\ud83d\udcf8 Fotografie z akce naleznete zde.<\/p>\n","protected":false},"excerpt":{"rendered":"<p>Dne\u0161n\u00ed den pat\u0159il hrdin\u016fm v\u0161edn\u00edch dn\u016f. V prostor\u00e1ch Hasi\u010dsk\u00e9 zbrojnice HZS \u00daO Jablonec nad Nisou prob\u011bhlo slavnostn\u00ed p\u0159ed\u00e1v\u00e1n\u00ed ocen\u011bn\u00ed Zlat\u00fd k\u0159\u00ed\u017e 3. t\u0159\u00eddy, kter\u00e9 je ud\u011blov\u00e1no za 80 bezp\u0159\u00edsp\u011bvkov\u00fdch odb\u011br\u016f krve. Toto v\u00fdznamn\u00e9 ocen\u011bn\u00ed je vyj\u00e1d\u0159en\u00edm \u00facty a vd\u011b\u010dnosti d\u00e1rc\u016fm, kte\u0159\u00ed opakovan\u011b darovali to nejcenn\u011bj\u0161\u00ed \u2013 vlastn\u00ed krev \u2013 bez n\u00e1roku na odm\u011bnu. Pr\u00e1v\u011b d\u00edky [&hellip;]<\/p>\n","protected":false},"author":1,"featured_media":226,"comment_status":"closed","ping_status":"","sticky":false,"template":"","format":"standard","meta":{"footnotes":""},"categories":[1],"tags":[],"class_list":["post-231","post","type-post","status-publish","format-standard","has-post-thumbnail","hentry","category-aktuality"],"_links":{"self":[{"href":"https:\/\/novy.cck-jablonec.cz\/index.php?rest_route=\/wp\/v2\/posts\/231"}],"collection":[{"href":"https:\/\/novy.cck-jablonec.cz\/index.php?rest_route=\/wp\/v2\/posts"}],"about":[{"href":"https:\/\/novy.cck-jablonec.cz\/index.php?rest_route=\/wp\/v2\/types\/post"}],"author":[{"embeddable":true,"href":"https:\/\/novy.cck-jablonec.cz\/index.php?rest_route=\/wp\/v2\/users\/1"}],"replies":[{"embeddable":true,"href":"https:\/\/novy.cck-jablonec.cz\/index.php?rest_route=%2Fwp%2Fv2%2Fcomments&post=231"}],"version-history":[{"count":5,"href":"https:\/\/novy.cck-jablonec.cz\/index.php?rest_route=\/wp\/v2\/posts\/231\/revisions"}],"predecessor-version":[{"id":237,"href":"https:\/\/novy.cck-jablonec.cz\/index.php?rest_route=\/wp\/v2\/posts\/231\/revisions\/237"}],"wp:featuredmedia":[{"embeddable":true,"href":"https:\/\/novy.cck-jablonec.cz\/index.php?rest_route=\/wp\/v2\/media\/226"}],"wp:attachment":[{"href":"https:\/\/novy.cck-jablonec.cz\/index.php?rest_route=%2Fwp%2Fv2%2Fmedia&parent=231"}],"wp:term":[{"taxonomy":"category","embeddable":true,"href":"https:\/\/novy.cck-jablonec.cz\/index.php?rest_route=%2Fwp%2Fv2%2Fcategories&post=231"},{"taxonomy":"post_tag","embeddable":true,"href":"https:\/\/novy.cck-jablonec.cz\/index.php?rest_route=%2Fwp%2Fv2%2Ftags&post=231"}],"curies":[{"name":"wp","href":"https:\/\/api.w.org\/{rel}","templated":true}]}}